{"id":1010,"date":"2021-06-02T17:02:48","date_gmt":"2021-06-02T15:02:48","guid":{"rendered":"https:\/\/www.nuriaanyo.com\/blog\/amp\/?p=1010"},"modified":"2026-01-07T18:53:42","modified_gmt":"2026-01-07T17:53:42","slug":"se-publica-la-novela-nubes-bajas","status":"publish","type":"post","link":"https:\/\/www.nuriaanyo.com\/blog\/amp\/2021\/06\/02\/se-publica-la-novela-nubes-bajas\/","title":{"rendered":"Se publica la novela Nubes bajas"},"content":{"rendered":"\n<h3 class=\"wp-block-heading\">Su traducci\u00f3n al espa\u00f1ol \u2014realizada por la propia autora\u2014 fue galardonada con una beca de residencia en Finlandia en 2016<\/h3>\n\n\n\n<h3 class=\"wp-block-heading\">Originalmente escrita en catal\u00e1n, <em><strong>N\u00favols baixos<\/strong><\/em> se public\u00f3 por primera vez en 2009 bajo el sello editorial Omicron<\/h3>\n\n\n\n<blockquote class=\"wp-block-quote is-style-large is-layout-flow wp-block-quote-is-layout-flow\"><p><em>&#8220;Lo que&nbsp;<strong>N\u00faria A\u00f1\u00f3 nos presenta<\/strong>&nbsp;en su libro es&nbsp;<strong>un pedazo de vida real, diseccionado con el fino bistur\u00ed de su escritura<\/strong>. Hay en la obra un gran trabajo realizado sobre el lenguaje y sobre el estilo. La novela no es f\u00e1cil, ni por la tem\u00e1tica ni por el estilo, pero&nbsp;<strong>es muy interesante y constituye,<\/strong>&nbsp;a mi modo de ver,&nbsp;<strong>una de las grandes promesas de la narrativa catalana contempor\u00e1nea<\/strong>.&#8221;<\/em><\/p><cite><strong><em>L&#8217;Ull cr\u00edtic<\/em>, 15-16<\/strong><\/cite><\/blockquote>\n\n\n\n<p>Gabriele es una&nbsp;<strong>actriz<\/strong>&nbsp;que, cuando su carrera toca a su fin,&nbsp;<strong>emprende un viaje<\/strong>&nbsp;a la ciudad donde pas\u00f3 la adolescencia.&nbsp;<strong>Su repentina visita pilla algo desprevenidas a dos de sus amigas<\/strong>, que ven en ella&nbsp;<strong>un modo de escapatoria a muchos d\u00edas grises y mon\u00f3tonos<\/strong>. Tambi\u00e9n la actriz puede intuir a trav\u00e9s de ellas&nbsp;<strong>la vida que podr\u00eda haber tenido<\/strong>. En vez de eso, el peso de la&nbsp;<strong>fama<\/strong>&nbsp;la persigue desde hace cuarenta a\u00f1os y solo una cosa parece evidente:&nbsp;<strong>este viaje despierta viejas pasiones<\/strong>&nbsp;y altera las vidas de todos los que visita.<\/p>\n\n\n\n<h2 class=\"wp-block-heading\">En los \u00faltimos a\u00f1os, la novela ha sido traducida a distintas lenguas y se ha publicado en ingl\u00e9s (<em><strong>Lowering Clouds<\/strong><\/em>), franc\u00e9s (<em><strong>Nuages bas<\/strong><\/em>), italiano (<em><strong>Nuvole basse<\/strong><\/em>), portugu\u00e9s (<em><strong>Nuvens baixas<\/strong><\/em>) y alem\u00e1n (<em><strong>Tiefe Wolken<\/strong><\/em>)<\/h2>\n\n\n\n<figure class=\"wp-block-gallery has-nested-images columns-default is-cropped wp-block-gallery-1 is-layout-flex wp-block-gallery-is-layout-flex\">\n<figure class=\"wp-block-image size-large\"><img decoding=\"async\" width=\"642\" height=\"1024\" data-id=\"1018\" data-src=\"https:\/\/www.nuriaanyo.com\/blog\/wp-content\/uploads\/ES-Nubes-bajas-642x1024.png\" alt=\"\" class=\"wp-image-1018 lazyload\" data-srcset=\"https:\/\/www.nuriaanyo.com\/blog\/wp-content\/uploads\/\/ES-Nubes-bajas-642x1024.png 642w, https:\/\/www.nuriaanyo.com\/blog\/wp-content\/uploads\/\/ES-Nubes-bajas-188x300.png 188w, https:\/\/www.nuriaanyo.com\/blog\/wp-content\/uploads\/\/ES-Nubes-bajas-768x1226.png 768w, https:\/\/www.nuriaanyo.com\/blog\/wp-content\/uploads\/\/ES-Nubes-bajas-963x1536.png 963w, https:\/\/www.nuriaanyo.com\/blog\/wp-content\/uploads\/\/ES-Nubes-bajas.png 1283w, https:\/\/www.nuriaanyo.com\/blog\/wp-content\/uploads\/\/ES-Nubes-bajas-480x766.png 480w, https:\/\/www.nuriaanyo.com\/blog\/wp-content\/uploads\/\/ES-Nubes-bajas-1320x2106.png 1320w\" data-sizes=\"(max-width: 642px) 100vw, 642px\" src=\"data:image\/svg+xml;base64,PHN2ZyB3aWR0aD0iMSIgaGVpZ2h0PSIxIiB4bWxucz0iaHR0cDovL3d3dy53My5vcmcvMjAwMC9zdmciPjwvc3ZnPg==\" style=\"--smush-placeholder-width: 642px; --smush-placeholder-aspect-ratio: 642\/1024;\" \/><\/figure>\n\n\n\n<figure class=\"wp-block-image size-large\"><img decoding=\"async\" width=\"642\" height=\"1024\" data-id=\"1017\" data-src=\"https:\/\/www.nuriaanyo.com\/blog\/wp-content\/uploads\/CA-Nuvols-baixos-642x1024.png\" alt=\"\" class=\"wp-image-1017 lazyload\" data-srcset=\"https:\/\/www.nuriaanyo.com\/blog\/wp-content\/uploads\/\/CA-Nuvols-baixos-642x1024.png 642w, https:\/\/www.nuriaanyo.com\/blog\/wp-content\/uploads\/\/CA-Nuvols-baixos-188x300.png 188w, https:\/\/www.nuriaanyo.com\/blog\/wp-content\/uploads\/\/CA-Nuvols-baixos-768x1226.png 768w, https:\/\/www.nuriaanyo.com\/blog\/wp-content\/uploads\/\/CA-Nuvols-baixos-963x1536.png 963w, https:\/\/www.nuriaanyo.com\/blog\/wp-content\/uploads\/\/CA-Nuvols-baixos.png 1283w, https:\/\/www.nuriaanyo.com\/blog\/wp-content\/uploads\/\/CA-Nuvols-baixos-480x766.png 480w, https:\/\/www.nuriaanyo.com\/blog\/wp-content\/uploads\/\/CA-Nuvols-baixos-1320x2106.png 1320w\" data-sizes=\"(max-width: 642px) 100vw, 642px\" src=\"data:image\/svg+xml;base64,PHN2ZyB3aWR0aD0iMSIgaGVpZ2h0PSIxIiB4bWxucz0iaHR0cDovL3d3dy53My5vcmcvMjAwMC9zdmciPjwvc3ZnPg==\" style=\"--smush-placeholder-width: 642px; --smush-placeholder-aspect-ratio: 642\/1024;\" \/><\/figure>\n\n\n\n<figure class=\"wp-block-image size-large\"><img decoding=\"async\" width=\"642\" height=\"1024\" data-id=\"1016\" data-src=\"https:\/\/www.nuriaanyo.com\/blog\/wp-content\/uploads\/DE-Tiefe-Wolken-eBook2-642x1024.png\" alt=\"\" class=\"wp-image-1016 lazyload\" data-srcset=\"https:\/\/www.nuriaanyo.com\/blog\/wp-content\/uploads\/\/DE-Tiefe-Wolken-eBook2-642x1024.png 642w, https:\/\/www.nuriaanyo.com\/blog\/wp-content\/uploads\/\/DE-Tiefe-Wolken-eBook2-188x300.png 188w, https:\/\/www.nuriaanyo.com\/blog\/wp-content\/uploads\/\/DE-Tiefe-Wolken-eBook2-768x1226.png 768w, https:\/\/www.nuriaanyo.com\/blog\/wp-content\/uploads\/\/DE-Tiefe-Wolken-eBook2-963x1536.png 963w, https:\/\/www.nuriaanyo.com\/blog\/wp-content\/uploads\/\/DE-Tiefe-Wolken-eBook2.png 1283w, https:\/\/www.nuriaanyo.com\/blog\/wp-content\/uploads\/\/DE-Tiefe-Wolken-eBook2-480x766.png 480w, https:\/\/www.nuriaanyo.com\/blog\/wp-content\/uploads\/\/DE-Tiefe-Wolken-eBook2-1320x2106.png 1320w\" data-sizes=\"(max-width: 642px) 100vw, 642px\" src=\"data:image\/svg+xml;base64,PHN2ZyB3aWR0aD0iMSIgaGVpZ2h0PSIxIiB4bWxucz0iaHR0cDovL3d3dy53My5vcmcvMjAwMC9zdmciPjwvc3ZnPg==\" style=\"--smush-placeholder-width: 642px; --smush-placeholder-aspect-ratio: 642\/1024;\" \/><\/figure>\n\n\n\n<figure class=\"wp-block-image size-large\"><img decoding=\"async\" width=\"642\" height=\"1024\" data-id=\"1015\" data-src=\"https:\/\/www.nuriaanyo.com\/blog\/wp-content\/uploads\/PT-Nuvens-baixas-eBook2-642x1024.png\" alt=\"\" class=\"wp-image-1015 lazyload\" data-srcset=\"https:\/\/www.nuriaanyo.com\/blog\/wp-content\/uploads\/\/PT-Nuvens-baixas-eBook2-642x1024.png 642w, https:\/\/www.nuriaanyo.com\/blog\/wp-content\/uploads\/\/PT-Nuvens-baixas-eBook2-188x300.png 188w, https:\/\/www.nuriaanyo.com\/blog\/wp-content\/uploads\/\/PT-Nuvens-baixas-eBook2-768x1226.png 768w, https:\/\/www.nuriaanyo.com\/blog\/wp-content\/uploads\/\/PT-Nuvens-baixas-eBook2-963x1536.png 963w, https:\/\/www.nuriaanyo.com\/blog\/wp-content\/uploads\/\/PT-Nuvens-baixas-eBook2.png 1283w, https:\/\/www.nuriaanyo.com\/blog\/wp-content\/uploads\/\/PT-Nuvens-baixas-eBook2-480x766.png 480w, https:\/\/www.nuriaanyo.com\/blog\/wp-content\/uploads\/\/PT-Nuvens-baixas-eBook2-1320x2106.png 1320w\" data-sizes=\"(max-width: 642px) 100vw, 642px\" src=\"data:image\/svg+xml;base64,PHN2ZyB3aWR0aD0iMSIgaGVpZ2h0PSIxIiB4bWxucz0iaHR0cDovL3d3dy53My5vcmcvMjAwMC9zdmciPjwvc3ZnPg==\" style=\"--smush-placeholder-width: 642px; --smush-placeholder-aspect-ratio: 642\/1024;\" \/><\/figure>\n\n\n\n<figure class=\"wp-block-image size-large\"><img decoding=\"async\" width=\"642\" height=\"1024\" data-id=\"1014\" data-src=\"https:\/\/www.nuriaanyo.com\/blog\/wp-content\/uploads\/IT-Nuvole-basse-eBook-642x1024.png\" alt=\"\" class=\"wp-image-1014 lazyload\" data-srcset=\"https:\/\/www.nuriaanyo.com\/blog\/wp-content\/uploads\/\/IT-Nuvole-basse-eBook-642x1024.png 642w, https:\/\/www.nuriaanyo.com\/blog\/wp-content\/uploads\/\/IT-Nuvole-basse-eBook-188x300.png 188w, https:\/\/www.nuriaanyo.com\/blog\/wp-content\/uploads\/\/IT-Nuvole-basse-eBook-768x1226.png 768w, https:\/\/www.nuriaanyo.com\/blog\/wp-content\/uploads\/\/IT-Nuvole-basse-eBook-963x1536.png 963w, https:\/\/www.nuriaanyo.com\/blog\/wp-content\/uploads\/\/IT-Nuvole-basse-eBook.png 1283w, https:\/\/www.nuriaanyo.com\/blog\/wp-content\/uploads\/\/IT-Nuvole-basse-eBook-480x766.png 480w, https:\/\/www.nuriaanyo.com\/blog\/wp-content\/uploads\/\/IT-Nuvole-basse-eBook-1320x2106.png 1320w\" data-sizes=\"(max-width: 642px) 100vw, 642px\" src=\"data:image\/svg+xml;base64,PHN2ZyB3aWR0aD0iMSIgaGVpZ2h0PSIxIiB4bWxucz0iaHR0cDovL3d3dy53My5vcmcvMjAwMC9zdmciPjwvc3ZnPg==\" style=\"--smush-placeholder-width: 642px; --smush-placeholder-aspect-ratio: 642\/1024;\" \/><\/figure>\n\n\n\n<figure class=\"wp-block-image size-large\"><img decoding=\"async\" width=\"642\" height=\"1024\" data-id=\"651\" data-src=\"https:\/\/www.nuriaanyo.com\/blog\/wp-content\/uploads\/EN-Lowering-Clouds-eBook-642x1024.png\" alt=\"\" class=\"wp-image-651 lazyload\" data-srcset=\"https:\/\/www.nuriaanyo.com\/blog\/wp-content\/uploads\/\/EN-Lowering-Clouds-eBook-642x1024.png 642w, https:\/\/www.nuriaanyo.com\/blog\/wp-content\/uploads\/\/EN-Lowering-Clouds-eBook-188x300.png 188w, https:\/\/www.nuriaanyo.com\/blog\/wp-content\/uploads\/\/EN-Lowering-Clouds-eBook-768x1226.png 768w, https:\/\/www.nuriaanyo.com\/blog\/wp-content\/uploads\/\/EN-Lowering-Clouds-eBook-963x1536.png 963w, https:\/\/www.nuriaanyo.com\/blog\/wp-content\/uploads\/\/EN-Lowering-Clouds-eBook-1283x2048.png 1283w, https:\/\/www.nuriaanyo.com\/blog\/wp-content\/uploads\/\/EN-Lowering-Clouds-eBook-480x766.png 480w, https:\/\/www.nuriaanyo.com\/blog\/wp-content\/uploads\/\/EN-Lowering-Clouds-eBook-1320x2106.png 1320w, https:\/\/www.nuriaanyo.com\/blog\/wp-content\/uploads\/\/EN-Lowering-Clouds-eBook.png 1410w\" data-sizes=\"(max-width: 642px) 100vw, 642px\" src=\"data:image\/svg+xml;base64,PHN2ZyB3aWR0aD0iMSIgaGVpZ2h0PSIxIiB4bWxucz0iaHR0cDovL3d3dy53My5vcmcvMjAwMC9zdmciPjwvc3ZnPg==\" style=\"--smush-placeholder-width: 642px; --smush-placeholder-aspect-ratio: 642\/1024;\" \/><\/figure>\n\n\n\n<figure class=\"wp-block-image size-large\"><img decoding=\"async\" width=\"642\" height=\"1024\" data-id=\"542\" data-src=\"https:\/\/www.nuriaanyo.com\/blog\/wp-content\/uploads\/FR-Nuages-bas-eBook-642x1024.png\" alt=\"roman contemporain Nuages bas de N\u00faria A\u00f1\u00f3\" class=\"wp-image-542 lazyload\" data-srcset=\"https:\/\/www.nuriaanyo.com\/blog\/wp-content\/uploads\/\/FR-Nuages-bas-eBook-642x1024.png 642w, https:\/\/www.nuriaanyo.com\/blog\/wp-content\/uploads\/\/FR-Nuages-bas-eBook-188x300.png 188w, https:\/\/www.nuriaanyo.com\/blog\/wp-content\/uploads\/\/FR-Nuages-bas-eBook-768x1226.png 768w, https:\/\/www.nuriaanyo.com\/blog\/wp-content\/uploads\/\/FR-Nuages-bas-eBook-963x1536.png 963w, https:\/\/www.nuriaanyo.com\/blog\/wp-content\/uploads\/\/FR-Nuages-bas-eBook-1283x2048.png 1283w, https:\/\/www.nuriaanyo.com\/blog\/wp-content\/uploads\/\/FR-Nuages-bas-eBook-480x766.png 480w, https:\/\/www.nuriaanyo.com\/blog\/wp-content\/uploads\/\/FR-Nuages-bas-eBook-1320x2106.png 1320w, https:\/\/www.nuriaanyo.com\/blog\/wp-content\/uploads\/\/FR-Nuages-bas-eBook.png 1410w\" data-sizes=\"(max-width: 642px) 100vw, 642px\" src=\"data:image\/svg+xml;base64,PHN2ZyB3aWR0aD0iMSIgaGVpZ2h0PSIxIiB4bWxucz0iaHR0cDovL3d3dy53My5vcmcvMjAwMC9zdmciPjwvc3ZnPg==\" style=\"--smush-placeholder-width: 642px; --smush-placeholder-aspect-ratio: 642\/1024;\" \/><\/figure>\n<\/figure>\n\n\n\n<figure class=\"wp-block-image size-large\"><img decoding=\"async\" data-src=\"https:\/\/www.nuriaanyo.com\/blog\/wp-content\/uploads\/Nubes-bajas-cover-AUDIOLIBRO-1024x1024.png\" alt=\"\" class=\"wp-image-1186 lazyload\" src=\"data:image\/svg+xml;base64,PHN2ZyB3aWR0aD0iMSIgaGVpZ2h0PSIxIiB4bWxucz0iaHR0cDovL3d3dy53My5vcmcvMjAwMC9zdmciPjwvc3ZnPg==\" style=\"--smush-placeholder-width: 1024px; --smush-placeholder-aspect-ratio: 1024\/1024;\" \/><\/figure>\n\n\n\n<p><strong>CATAL\u00c0<\/strong>&nbsp;(<a href=\"https:\/\/www.nuriaanyo.com\/ca-fragment-nuvols-baixos-nuria-ano.html\">N\u00daVOLS BAIXOS<\/a>) Omicron, 2009 ISBN: 9788492544288 (R\u00fastica); 2021 ISBN: 9781005141332 (eBook)<\/p>\n\n\n\n<p><strong>ITALIANO<\/strong>&nbsp;(<a href=\"https:\/\/www.nuriaanyo.com\/it-excerpt-nuvole-basse-nuria-ano.html\">NUVOLE BASSE<\/a>) 2018 ISBN: 9781547560493 (eBook); ISBN: 9781547562336 (Paperback)<\/p>\n\n\n\n<p><strong>PORTUGU\u00caS<\/strong>&nbsp;(<a href=\"https:\/\/www.nuriaanyo.com\/pt-excerpt-nuvens-baixas-nuria-ano.html\">NUVENS BAIXAS<\/a>) 2019 ISBN: 9781547589388 (eBook); ISBN: 9781547592494 (Paperback)<\/p>\n\n\n\n<p><strong>DEUTSCH<\/strong>&nbsp;(<a href=\"https:\/\/www.nuriaanyo.com\/de-excerpt-tiefe-wolken-nuria-ano.html\">TIEFE WOLKEN<\/a>) 2019 ISBN: 9781071520925 (eBook); ISBN: 9781071524022 (Paperback)<\/p>\n\n\n\n<p><strong>ENGLISH<\/strong>&nbsp;(<a href=\"https:\/\/www.nuriaanyo.com\/en-excerpt-lowering-clouds-nuria-ano.html\">LOWERING CLOUDS<\/a>) 2020 ISBN: 9781071539446 (eBook)<\/p>\n\n\n\n<p><strong>FRAN\u00c7AIS<\/strong>&nbsp;(<a href=\"https:\/\/www.nuriaanyo.com\/fr-excerpt-nuages-bas-nuria-ano.html\">NUAGES BAS<\/a>) 2020 ISBN: 9781071556559 (eBook)<\/p>\n\n\n\n<p><strong>ESPA\u00d1OL<\/strong>&nbsp;(NUBES BAJAS) 2021 ISBN: 9781005245528 (eBook); 9798714881695 (Tapa blanda)<\/p>\n\n\n\n<p class=\"has-text-align-center\"><a href=\"http:\/\/www.amazon.es\/dp\/B08XPS8BMZ\" target=\"_blank\" rel=\"noreferrer noopener\">Amazon.es<\/a><\/p>\n\n\n\n<p class=\"has-text-align-center\"><a href=\"http:\/\/www.amazon.com\/dp\/B08XPS8BMZ\" target=\"_blank\" rel=\"noreferrer noopener\">Amazon.com<\/a><\/p>\n\n\n\n<p class=\"has-text-align-center\"><a href=\"http:\/\/www.amazon.com.mx\/dp\/B08XPS8BMZ\" target=\"_blank\" rel=\"noreferrer noopener\">Amazon.com.mx<\/a><\/p>\n\n\n\n<p class=\"has-text-align-center\"><a href=\"https:\/\/bookshop.org\/books\/nubes-bajas\/9798714881695\">Bookshop<\/a><\/p>\n\n\n\n<p class=\"has-text-align-center\"><a href=\"https:\/\/www.smashwords.com\/books\/view\/1071672\" target=\"_blank\" rel=\"noreferrer noopener\">Smashwords<\/a><\/p>\n\n\n\n<p class=\"has-text-align-center\"><a href=\"https:\/\/www.barnesandnoble.com\/w\/nubes-bajas-n-ria-a\/1138917859?ean=2940164829308\" target=\"_blank\" rel=\"noreferrer noopener\">Barnes &amp; Noble<\/a><\/p>\n\n\n\n<p class=\"has-text-align-center\"><a href=\"https:\/\/books.apple.com\/us\/book\/nubes-bajas\/id1556079092\" target=\"_blank\" rel=\"noreferrer noopener\">Apple<\/a><\/p>\n\n\n\n<p class=\"has-text-align-center\"><a href=\"https:\/\/www.kobo.com\/es\/es\/ebook\/nubes-bajas\">Kobo<\/a><\/p>\n\n\n\n<p class=\"has-text-align-center\"><a href=\"https:\/\/www.fnac.es\/livre-numerique\/a8105656\/Nubes-bajas\" target=\"_blank\" rel=\"noreferrer noopener\">Fnac<\/a><\/p>\n","protected":false},"excerpt":{"rendered":"<p>Su traducci\u00f3n al espa\u00f1ol \u2014realizada por la propia autora\u2014 fue galardonada con una beca de residencia en Finlandia en 2016 [&hellip;]<\/p>\n","protected":false},"author":1,"featured_media":6973,"comment_status":"open","ping_status":"open","sticky":false,"template":"","format":"standard","meta":{"wds_primary_category":0,"footnotes":""},"categories":[27,28,24,23,26,25],"tags":[249,251,47,54,55,43,53,57,58,56,46,49,44,9,8,52,60,16,250,15,281,11,51,14,35,41,59,45],"class_list":["post-1010","post","type-post","status-publish","format-standard","has-post-thumbnail","hentry","category-autores","category-escritores","category-libros","category-literatura","category-narrativa","category-novela","tag-abuelas","tag-abuelos","tag-abuelos-con-alzheimer","tag-actores","tag-actrices","tag-alzheimer","tag-amistad","tag-bisexual","tag-bisexualidad","tag-cine","tag-demencia-senil","tag-dia-internacional-del-alzheimer","tag-enfermedad-de-alzheimer","tag-libros","tag-literatura","tag-madre-e-hija","tag-madurez","tag-narrativa-contemporanea","tag-nietos","tag-novela","tag-nubes-bajas","tag-nuria-ano","tag-nuvols-baixos","tag-personajes-de-libros","tag-personajes-de-novela","tag-personajes-femeninos","tag-relaciones-abiertas","tag-vejez"],"_links":{"self":[{"href":"https:\/\/www.nuriaanyo.com\/blog\/amp\/wp-json\/wp\/v2\/posts\/1010","targetHints":{"allow":["GET"]}}],"collection":[{"href":"https:\/\/www.nuriaanyo.com\/blog\/amp\/wp-json\/wp\/v2\/posts"}],"about":[{"href":"https:\/\/www.nuriaanyo.com\/blog\/amp\/wp-json\/wp\/v2\/types\/post"}],"author":[{"embeddable":true,"href":"https:\/\/www.nuriaanyo.com\/blog\/amp\/wp-json\/wp\/v2\/users\/1"}],"replies":[{"embeddable":true,"href":"https:\/\/www.nuriaanyo.com\/blog\/amp\/wp-json\/wp\/v2\/comments?post=1010"}],"version-history":[{"count":0,"href":"https:\/\/www.nuriaanyo.com\/blog\/amp\/wp-json\/wp\/v2\/posts\/1010\/revisions"}],"wp:featuredmedia":[{"embeddable":true,"href":"https:\/\/www.nuriaanyo.com\/blog\/amp\/wp-json\/wp\/v2\/media\/6973"}],"wp:attachment":[{"href":"https:\/\/www.nuriaanyo.com\/blog\/amp\/wp-json\/wp\/v2\/media?parent=1010"}],"wp:term":[{"taxonomy":"category","embeddable":true,"href":"https:\/\/www.nuriaanyo.com\/blog\/amp\/wp-json\/wp\/v2\/categories?post=1010"},{"taxonomy":"post_tag","embeddable":true,"href":"https:\/\/www.nuriaanyo.com\/blog\/amp\/wp-json\/wp\/v2\/tags?post=1010"}],"curies":[{"name":"wp","href":"https:\/\/api.w.org\/{rel}","templated":true}]}}