{"id":276,"date":"2019-10-02T16:04:15","date_gmt":"2019-10-02T14:04:15","guid":{"rendered":"https:\/\/www.nuriaanyo.com\/blog\/?p=276"},"modified":"2021-07-11T18:39:44","modified_gmt":"2021-07-11T16:39:44","slug":"berta-una-joven-con-anorexia","status":"publish","type":"post","link":"https:\/\/www.nuriaanyo.com\/blog\/amp\/2019\/10\/02\/berta-una-joven-con-anorexia\/","title":{"rendered":"Berta, una joven con anorexia"},"content":{"rendered":"\n<p>Berta es una joven estudiante de qu\u00edmica que, entre semana, compagina la carrera universitaria con las clases de piano en el conservatorio. Luego, los fines de semana regresa al pueblo para estar con su madre, que es escritora, y su novio, que tambi\u00e9n vive en el pueblo. Asimismo, de un tiempo a esta parte, la vida de Berta se ha visto alterada por el trastorno alimentario de la anorexia. De pronto, sus horizontes parecen m\u00e1s lejanos de lo que cre\u00eda. Berta es uno de los personajes principales de la novela <em>La escritora muert<\/em>a de <a href=\"https:\/\/www.nuriaanyo.com\/\">N\u00faria A\u00f1\u00f3<\/a>.<\/p>\n\n\n\n<h3 class=\"wp-block-heading\">Rese\u00f1a de prensa:<\/h3>\n\n\n\n<blockquote class=\"wp-block-quote is-style-large is-layout-flow wp-block-quote-is-layout-flow\"><p>&#8220;La historia empieza cuando la hija de la escritora, que ha crecido sin la figura paterna, encuentra una fotograf\u00eda de su padre y empieza a tener la sensaci\u00f3n de que le gustar\u00eda conocerlo, un poco porque las cosas no le van muy bien [&#8230;]&#8221; <\/p><cite>La Ma\u00f1ana. Jueves, 27 de Marzo de 2008  <a href=\"https:\/\/www.nuriaanyo.com\/es-entrev270308text.html\">Lea la entrevista completa<\/a>  <\/cite><\/blockquote>\n\n\n\n<h3 class=\"wp-block-heading\">Muestra de texto de <em>La escritora muerta<\/em> de N\u00faria A\u00f1\u00f3<\/h3>\n\n\n\n<figure><iframe width=\"336\" height=\"550\" allowfullscreen=\"\" data-src=\"https:\/\/leer.amazon.es\/kp\/card?asin=B07D573WXX&amp;preview=inline&amp;linkCode=kpe&amp;ref_=cm_sw_r_kb_dp_M4byDbH4YAEE4\" src=\"data:image\/svg+xml;base64,PHN2ZyB3aWR0aD0iMSIgaGVpZ2h0PSIxIiB4bWxucz0iaHR0cDovL3d3dy53My5vcmcvMjAwMC9zdmciPjwvc3ZnPg==\" class=\"lazyload\" data-load-mode=\"1\"><\/iframe><\/figure>\n\n\n\n<p>Si no puede visualizar la muestra pulse <a href=\"https:\/\/www.nuriaanyo.com\/es-fragmento-la-escritora-muerta.html\">aqu\u00ed<\/a>.<\/p>\n\n\n\n<h3 class=\"wp-block-heading\">Sinopsis de <em>La escritora muerta<\/em><\/h3>\n\n\n\n<p>Anna es una escritora de mediana edad que cri\u00f3 a su hija sola. En la actualidad Berta ha crecido, y las dudas que le supondr\u00eda conocer a su padre, a quien solo ha visto en una fotograf\u00eda, se incrementan cuando la relaci\u00f3n que mantiene con su novio entra en crisis. Hans trabaja en una f\u00e1brica y tiene una hermana, Clara, una joven incomprendida que sufre acoso escolar y vive obsesionada por un tipo que conduce una moto amarilla.<\/p>\n\n\n\n<p>Pero es, ante todo, la historia de Anna Flieder, que cuando opta por escribir un libro de estilo m\u00e1s biogr\u00e1fico, la inspiraci\u00f3n la visita y toma la forma de aquel hombre a quien hace a\u00f1os abandon\u00f3.<\/p>\n\n\n\n<figure class=\"wp-block-gallery columns-3 is-cropped wp-block-gallery-1 is-layout-flex wp-block-gallery-is-layout-flex\"><ul class=\"blocks-gallery-grid\"><li class=\"blocks-gallery-item\"><figure><img decoding=\"async\" width=\"642\" height=\"1024\" data-src=\"https:\/\/www.nuriaanyo.com\/blog\/wp-content\/uploads\/A-escritora-morta-ebook2-642x1024.png\" alt=\"\" data-id=\"1073\" data-full-url=\"https:\/\/www.nuriaanyo.com\/blog\/wp-content\/uploads\/A-escritora-morta-ebook2.png\" data-link=\"https:\/\/www.nuriaanyo.com\/blog\/amp\/2021\/06\/16\/el-audiolibro-la-escritora-muerta-ya-disponible-en-storytel-de-espana-mexico-y-colombia\/a-escritora-morta-ebook2\/\" class=\"wp-image-1073 lazyload\" data-srcset=\"https:\/\/www.nuriaanyo.com\/blog\/wp-content\/uploads\/\/A-escritora-morta-ebook2-642x1024.png 642w, https:\/\/www.nuriaanyo.com\/blog\/wp-content\/uploads\/\/A-escritora-morta-ebook2-188x300.png 188w, https:\/\/www.nuriaanyo.com\/blog\/wp-content\/uploads\/\/A-escritora-morta-ebook2-768x1226.png 768w, https:\/\/www.nuriaanyo.com\/blog\/wp-content\/uploads\/\/A-escritora-morta-ebook2-963x1536.png 963w, https:\/\/www.nuriaanyo.com\/blog\/wp-content\/uploads\/\/A-escritora-morta-ebook2.png 1283w, https:\/\/www.nuriaanyo.com\/blog\/wp-content\/uploads\/\/A-escritora-morta-ebook2-480x766.png 480w, https:\/\/www.nuriaanyo.com\/blog\/wp-content\/uploads\/\/A-escritora-morta-ebook2-1320x2106.png 1320w\" data-sizes=\"(max-width: 642px) 100vw, 642px\" src=\"data:image\/svg+xml;base64,PHN2ZyB3aWR0aD0iMSIgaGVpZ2h0PSIxIiB4bWxucz0iaHR0cDovL3d3dy53My5vcmcvMjAwMC9zdmciPjwvc3ZnPg==\" style=\"--smush-placeholder-width: 642px; --smush-placeholder-aspect-ratio: 642\/1024;\" \/><\/figure><\/li><li class=\"blocks-gallery-item\"><figure><img decoding=\"async\" data-src=\"https:\/\/www.nuriaanyo.com\/blog\/wp-content\/uploads\/De-dode-schrijfster-ebook2-642x1024.png\" alt=\"\" data-id=\"1071\" data-full-url=\"https:\/\/www.nuriaanyo.com\/blog\/wp-content\/uploads\/De-dode-schrijfster-ebook2.png\" data-link=\"https:\/\/www.nuriaanyo.com\/blog\/amp\/2021\/06\/16\/el-audiolibro-la-escritora-muerta-ya-disponible-en-storytel-de-espana-mexico-y-colombia\/de-dode-schrijfster-ebook2\/\" class=\"wp-image-1071 lazyload\" src=\"data:image\/svg+xml;base64,PHN2ZyB3aWR0aD0iMSIgaGVpZ2h0PSIxIiB4bWxucz0iaHR0cDovL3d3dy53My5vcmcvMjAwMC9zdmciPjwvc3ZnPg==\" style=\"--smush-placeholder-width: 642px; --smush-placeholder-aspect-ratio: 642\/1024;\" \/><\/figure><\/li><li class=\"blocks-gallery-item\"><figure><img decoding=\"async\" width=\"642\" height=\"1024\" data-src=\"https:\/\/www.nuriaanyo.com\/blog\/wp-content\/uploads\/GR-La-escritora-muerta2-642x1024.png\" alt=\"\" data-id=\"1070\" data-full-url=\"https:\/\/www.nuriaanyo.com\/blog\/wp-content\/uploads\/GR-La-escritora-muerta2.png\" data-link=\"https:\/\/www.nuriaanyo.com\/blog\/amp\/2021\/06\/16\/el-audiolibro-la-escritora-muerta-ya-disponible-en-storytel-de-espana-mexico-y-colombia\/gr-la-escritora-muerta2\/\" class=\"wp-image-1070 lazyload\" data-srcset=\"https:\/\/www.nuriaanyo.com\/blog\/wp-content\/uploads\/\/GR-La-escritora-muerta2-642x1024.png 642w, https:\/\/www.nuriaanyo.com\/blog\/wp-content\/uploads\/\/GR-La-escritora-muerta2-188x300.png 188w, https:\/\/www.nuriaanyo.com\/blog\/wp-content\/uploads\/\/GR-La-escritora-muerta2-768x1226.png 768w, https:\/\/www.nuriaanyo.com\/blog\/wp-content\/uploads\/\/GR-La-escritora-muerta2-963x1536.png 963w, https:\/\/www.nuriaanyo.com\/blog\/wp-content\/uploads\/\/GR-La-escritora-muerta2.png 1283w, https:\/\/www.nuriaanyo.com\/blog\/wp-content\/uploads\/\/GR-La-escritora-muerta2-480x766.png 480w, https:\/\/www.nuriaanyo.com\/blog\/wp-content\/uploads\/\/GR-La-escritora-muerta2-1320x2106.png 1320w\" data-sizes=\"(max-width: 642px) 100vw, 642px\" src=\"data:image\/svg+xml;base64,PHN2ZyB3aWR0aD0iMSIgaGVpZ2h0PSIxIiB4bWxucz0iaHR0cDovL3d3dy53My5vcmcvMjAwMC9zdmciPjwvc3ZnPg==\" style=\"--smush-placeholder-width: 642px; --smush-placeholder-aspect-ratio: 642\/1024;\" \/><\/figure><\/li><li class=\"blocks-gallery-item\"><figure><img decoding=\"async\" width=\"642\" height=\"1024\" data-src=\"https:\/\/www.nuriaanyo.com\/blog\/wp-content\/uploads\/La-scrittrice-morta-ebook2-642x1024.png\" alt=\"\" data-id=\"1069\" data-full-url=\"https:\/\/www.nuriaanyo.com\/blog\/wp-content\/uploads\/La-scrittrice-morta-ebook2.png\" data-link=\"https:\/\/www.nuriaanyo.com\/blog\/amp\/2021\/06\/16\/el-audiolibro-la-escritora-muerta-ya-disponible-en-storytel-de-espana-mexico-y-colombia\/la-scrittrice-morta-ebook2\/\" class=\"wp-image-1069 lazyload\" data-srcset=\"https:\/\/www.nuriaanyo.com\/blog\/wp-content\/uploads\/\/La-scrittrice-morta-ebook2-642x1024.png 642w, https:\/\/www.nuriaanyo.com\/blog\/wp-content\/uploads\/\/La-scrittrice-morta-ebook2-188x300.png 188w, https:\/\/www.nuriaanyo.com\/blog\/wp-content\/uploads\/\/La-scrittrice-morta-ebook2-768x1226.png 768w, https:\/\/www.nuriaanyo.com\/blog\/wp-content\/uploads\/\/La-scrittrice-morta-ebook2-963x1536.png 963w, https:\/\/www.nuriaanyo.com\/blog\/wp-content\/uploads\/\/La-scrittrice-morta-ebook2.png 1283w, https:\/\/www.nuriaanyo.com\/blog\/wp-content\/uploads\/\/La-scrittrice-morta-ebook2-480x766.png 480w, https:\/\/www.nuriaanyo.com\/blog\/wp-content\/uploads\/\/La-scrittrice-morta-ebook2-1320x2106.png 1320w\" data-sizes=\"(max-width: 642px) 100vw, 642px\" src=\"data:image\/svg+xml;base64,PHN2ZyB3aWR0aD0iMSIgaGVpZ2h0PSIxIiB4bWxucz0iaHR0cDovL3d3dy53My5vcmcvMjAwMC9zdmciPjwvc3ZnPg==\" style=\"--smush-placeholder-width: 642px; --smush-placeholder-aspect-ratio: 642\/1024;\" \/><\/figure><\/li><li class=\"blocks-gallery-item\"><figure><img decoding=\"async\" width=\"642\" height=\"1024\" data-src=\"https:\/\/www.nuriaanyo.com\/blog\/wp-content\/uploads\/Die-tote-Schriftstellerin-ebook2-642x1024.png\" alt=\"\" data-id=\"1067\" data-full-url=\"https:\/\/www.nuriaanyo.com\/blog\/wp-content\/uploads\/Die-tote-Schriftstellerin-ebook2.png\" data-link=\"https:\/\/www.nuriaanyo.com\/blog\/amp\/2021\/06\/16\/el-audiolibro-la-escritora-muerta-ya-disponible-en-storytel-de-espana-mexico-y-colombia\/die-tote-schriftstellerin-ebook2\/\" class=\"wp-image-1067 lazyload\" data-srcset=\"https:\/\/www.nuriaanyo.com\/blog\/wp-content\/uploads\/\/Die-tote-Schriftstellerin-ebook2-642x1024.png 642w, https:\/\/www.nuriaanyo.com\/blog\/wp-content\/uploads\/\/Die-tote-Schriftstellerin-ebook2-188x300.png 188w, https:\/\/www.nuriaanyo.com\/blog\/wp-content\/uploads\/\/Die-tote-Schriftstellerin-ebook2-768x1226.png 768w, https:\/\/www.nuriaanyo.com\/blog\/wp-content\/uploads\/\/Die-tote-Schriftstellerin-ebook2-963x1536.png 963w, https:\/\/www.nuriaanyo.com\/blog\/wp-content\/uploads\/\/Die-tote-Schriftstellerin-ebook2.png 1283w, https:\/\/www.nuriaanyo.com\/blog\/wp-content\/uploads\/\/Die-tote-Schriftstellerin-ebook2-480x766.png 480w, https:\/\/www.nuriaanyo.com\/blog\/wp-content\/uploads\/\/Die-tote-Schriftstellerin-ebook2-1320x2106.png 1320w\" data-sizes=\"(max-width: 642px) 100vw, 642px\" src=\"data:image\/svg+xml;base64,PHN2ZyB3aWR0aD0iMSIgaGVpZ2h0PSIxIiB4bWxucz0iaHR0cDovL3d3dy53My5vcmcvMjAwMC9zdmciPjwvc3ZnPg==\" style=\"--smush-placeholder-width: 642px; --smush-placeholder-aspect-ratio: 642\/1024;\" \/><\/figure><\/li><li class=\"blocks-gallery-item\"><figure><img decoding=\"async\" width=\"642\" height=\"1024\" data-src=\"https:\/\/www.nuriaanyo.com\/blog\/wp-content\/uploads\/Lecrivaine-morte-ebook2-642x1024.png\" alt=\"\" data-id=\"1066\" data-full-url=\"https:\/\/www.nuriaanyo.com\/blog\/wp-content\/uploads\/Lecrivaine-morte-ebook2.png\" data-link=\"https:\/\/www.nuriaanyo.com\/blog\/amp\/2021\/06\/16\/el-audiolibro-la-escritora-muerta-ya-disponible-en-storytel-de-espana-mexico-y-colombia\/lecrivaine-morte-ebook2\/\" class=\"wp-image-1066 lazyload\" data-srcset=\"https:\/\/www.nuriaanyo.com\/blog\/wp-content\/uploads\/\/Lecrivaine-morte-ebook2-642x1024.png 642w, https:\/\/www.nuriaanyo.com\/blog\/wp-content\/uploads\/\/Lecrivaine-morte-ebook2-188x300.png 188w, https:\/\/www.nuriaanyo.com\/blog\/wp-content\/uploads\/\/Lecrivaine-morte-ebook2-768x1226.png 768w, https:\/\/www.nuriaanyo.com\/blog\/wp-content\/uploads\/\/Lecrivaine-morte-ebook2-963x1536.png 963w, https:\/\/www.nuriaanyo.com\/blog\/wp-content\/uploads\/\/Lecrivaine-morte-ebook2.png 1283w, https:\/\/www.nuriaanyo.com\/blog\/wp-content\/uploads\/\/Lecrivaine-morte-ebook2-480x766.png 480w, https:\/\/www.nuriaanyo.com\/blog\/wp-content\/uploads\/\/Lecrivaine-morte-ebook2-1320x2106.png 1320w\" data-sizes=\"(max-width: 642px) 100vw, 642px\" src=\"data:image\/svg+xml;base64,PHN2ZyB3aWR0aD0iMSIgaGVpZ2h0PSIxIiB4bWxucz0iaHR0cDovL3d3dy53My5vcmcvMjAwMC9zdmciPjwvc3ZnPg==\" style=\"--smush-placeholder-width: 642px; --smush-placeholder-aspect-ratio: 642\/1024;\" \/><\/figure><\/li><li class=\"blocks-gallery-item\"><figure><img decoding=\"async\" width=\"642\" height=\"1024\" data-src=\"https:\/\/www.nuriaanyo.com\/blog\/wp-content\/uploads\/The-Dead-Writer-eBook-642x1024.png\" alt=\"The Dead Writer by N\u00faria A\u00f1\u00f3\" data-id=\"462\" data-full-url=\"https:\/\/www.nuriaanyo.com\/blog\/wp-content\/uploads\/The-Dead-Writer-eBook.png\" data-link=\"https:\/\/www.nuriaanyo.com\/blog\/amp\/2019\/10\/07\/hans-trabaja-en-una-fabrica\/the-dead-writer-ebook\/\" class=\"wp-image-462 lazyload\" data-srcset=\"https:\/\/www.nuriaanyo.com\/blog\/wp-content\/uploads\/\/The-Dead-Writer-eBook-642x1024.png 642w, https:\/\/www.nuriaanyo.com\/blog\/wp-content\/uploads\/\/The-Dead-Writer-eBook-188x300.png 188w, https:\/\/www.nuriaanyo.com\/blog\/wp-content\/uploads\/\/The-Dead-Writer-eBook-768x1226.png 768w, https:\/\/www.nuriaanyo.com\/blog\/wp-content\/uploads\/\/The-Dead-Writer-eBook-963x1536.png 963w, https:\/\/www.nuriaanyo.com\/blog\/wp-content\/uploads\/\/The-Dead-Writer-eBook-1283x2048.png 1283w, https:\/\/www.nuriaanyo.com\/blog\/wp-content\/uploads\/\/The-Dead-Writer-eBook-480x766.png 480w, https:\/\/www.nuriaanyo.com\/blog\/wp-content\/uploads\/\/The-Dead-Writer-eBook-1320x2106.png 1320w, https:\/\/www.nuriaanyo.com\/blog\/wp-content\/uploads\/\/The-Dead-Writer-eBook.png 1410w\" data-sizes=\"(max-width: 642px) 100vw, 642px\" src=\"data:image\/svg+xml;base64,PHN2ZyB3aWR0aD0iMSIgaGVpZ2h0PSIxIiB4bWxucz0iaHR0cDovL3d3dy53My5vcmcvMjAwMC9zdmciPjwvc3ZnPg==\" style=\"--smush-placeholder-width: 642px; --smush-placeholder-aspect-ratio: 642\/1024;\" \/><\/figure><\/li><li class=\"blocks-gallery-item\"><figure><img decoding=\"async\" width=\"642\" height=\"1024\" data-src=\"https:\/\/www.nuriaanyo.com\/blog\/wp-content\/uploads\/La-escritora-muerta-ebook-642x1024.jpg\" alt=\"\" data-id=\"193\" data-full-url=\"https:\/\/www.nuriaanyo.com\/blog\/wp-content\/uploads\/La-escritora-muerta-ebook.jpg\" data-link=\"https:\/\/www.nuriaanyo.com\/blog\/amp\/2019\/08\/23\/clara-sufre-acoso-escolar\/la-escritora-muerta-ebook\/\" class=\"wp-image-193 lazyload\" data-srcset=\"https:\/\/www.nuriaanyo.com\/blog\/wp-content\/uploads\/La-escritora-muerta-ebook-642x1024.jpg 642w, https:\/\/www.nuriaanyo.com\/blog\/wp-content\/uploads\/La-escritora-muerta-ebook-188x300.jpg 188w, https:\/\/www.nuriaanyo.com\/blog\/wp-content\/uploads\/La-escritora-muerta-ebook-768x1226.jpg 768w, https:\/\/www.nuriaanyo.com\/blog\/wp-content\/uploads\/La-escritora-muerta-ebook-1320x2106.jpg 1320w, https:\/\/www.nuriaanyo.com\/blog\/wp-content\/uploads\/La-escritora-muerta-ebook.jpg 1283w\" data-sizes=\"(max-width: 642px) 100vw, 642px\" src=\"data:image\/svg+xml;base64,PHN2ZyB3aWR0aD0iMSIgaGVpZ2h0PSIxIiB4bWxucz0iaHR0cDovL3d3dy53My5vcmcvMjAwMC9zdmciPjwvc3ZnPg==\" style=\"--smush-placeholder-width: 642px; --smush-placeholder-aspect-ratio: 642\/1024;\" \/><\/figure><\/li><li class=\"blocks-gallery-item\"><figure><img decoding=\"async\" width=\"650\" height=\"1024\" data-src=\"https:\/\/www.nuriaanyo.com\/blog\/wp-content\/uploads\/lescriptora2012_edited-650x1024.jpg\" alt=\"\" data-id=\"192\" data-full-url=\"https:\/\/www.nuriaanyo.com\/blog\/wp-content\/uploads\/lescriptora2012_edited.jpg\" data-link=\"https:\/\/www.nuriaanyo.com\/blog\/amp\/2019\/08\/23\/clara-sufre-acoso-escolar\/lescriptora2012_edited\/\" class=\"wp-image-192 lazyload\" data-srcset=\"https:\/\/www.nuriaanyo.com\/blog\/wp-content\/uploads\/lescriptora2012_edited-650x1024.jpg 650w, https:\/\/www.nuriaanyo.com\/blog\/wp-content\/uploads\/lescriptora2012_edited-190x300.jpg 190w, https:\/\/www.nuriaanyo.com\/blog\/wp-content\/uploads\/lescriptora2012_edited-768x1210.jpg 768w, https:\/\/www.nuriaanyo.com\/blog\/wp-content\/uploads\/lescriptora2012_edited-1320x2080.jpg 1320w, https:\/\/www.nuriaanyo.com\/blog\/wp-content\/uploads\/lescriptora2012_edited.jpg 1299w\" data-sizes=\"(max-width: 650px) 100vw, 650px\" src=\"data:image\/svg+xml;base64,PHN2ZyB3aWR0aD0iMSIgaGVpZ2h0PSIxIiB4bWxucz0iaHR0cDovL3d3dy53My5vcmcvMjAwMC9zdmciPjwvc3ZnPg==\" style=\"--smush-placeholder-width: 650px; --smush-placeholder-aspect-ratio: 650\/1024;\" \/><\/figure><\/li><\/ul><\/figure>\n\n\n\n<figure class=\"wp-block-image size-large\"><img decoding=\"async\" width=\"900\" height=\"900\" data-src=\"https:\/\/www.nuriaanyo.com\/blog\/wp-content\/uploads\/La-escritora-muerta-AUDIOLIBRO-small.png\" alt=\"La escritora muerta de N\u00faria A\u00f1\u00f3. Narrado por Pilar Corral\" class=\"wp-image-675 lazyload\" data-srcset=\"https:\/\/www.nuriaanyo.com\/blog\/wp-content\/uploads\/\/La-escritora-muerta-AUDIOLIBRO-small.png 900w, https:\/\/www.nuriaanyo.com\/blog\/wp-content\/uploads\/\/La-escritora-muerta-AUDIOLIBRO-small-300x300.png 300w, https:\/\/www.nuriaanyo.com\/blog\/wp-content\/uploads\/\/La-escritora-muerta-AUDIOLIBRO-small-150x150.png 150w, https:\/\/www.nuriaanyo.com\/blog\/wp-content\/uploads\/\/La-escritora-muerta-AUDIOLIBRO-small-768x768.png 768w, https:\/\/www.nuriaanyo.com\/blog\/wp-content\/uploads\/\/La-escritora-muerta-AUDIOLIBRO-small-480x480.png 480w\" data-sizes=\"(max-width: 900px) 100vw, 900px\" src=\"data:image\/svg+xml;base64,PHN2ZyB3aWR0aD0iMSIgaGVpZ2h0PSIxIiB4bWxucz0iaHR0cDovL3d3dy53My5vcmcvMjAwMC9zdmciPjwvc3ZnPg==\" style=\"--smush-placeholder-width: 900px; --smush-placeholder-aspect-ratio: 900\/900;\" \/><\/figure>\n\n\n\n<ul class=\"wp-block-list\"><li><strong>CATAL\u00c0<\/strong>\u00a0(<a href=\"https:\/\/www.nuriaanyo.com\/ca-fragment-l-escriptora-morta-nuria-ano.html\">L&#8217;ESCRIPTORA MORTA<\/a>): 2008 Omicron ISBN: 978-84-96496-65-1<\/li><li><strong>ESPA\u00d1OL<\/strong>\u00a0(<a href=\"https:\/\/www.nuriaanyo.com\/es-fragmento-la-escritora-muerta.html\">LA ESCRITORA MUERTA<\/a>): 2018 ISBN: 9780463101407 (eBook)  2018 1981078959 \/ 9781981078950 (Paperback) 2020: 9781664972032 (audiolibro en espa\u00f1ol)<\/li><li><strong>ITALIANO<\/strong>\u00a0(<a href=\"https:\/\/www.nuriaanyo.com\/it-excerpt-la-scrittrice-morta-nuria-ano.html\">LA SCRITTRICE MORTA<\/a>): 2018 ISBN: 9781547542710 (eBook) ISBN: 154754824X \/ 9781547548248 (Paperback)<\/li><li><strong>PORTUGU\u00caS<\/strong>\u00a0(<a href=\"https:\/\/www.nuriaanyo.com\/pt-excerpt-a-escritora-morta-nuria-ano.html\">A ESCRITORA MORTA<\/a>): 2018 ISBN: 9781547549801 (eBook) ISBN: 15-47553-38-3 \/ 9781547553389 (Paperback)<\/li><li><strong>FRAN\u00c7AIS<\/strong>\u00a0(<a href=\"https:\/\/www.nuriaanyo.com\/fr-excerpt-l-ecrivaine-morte-nuria-ano.html\">L&#8217;\u00c9CRIVAINE MORTE<\/a>): 2018 ISBN: 9781547559886 (eBook) ISBN: 1547560746 \/ 9781547560745 (Paperback)<\/li><li><strong>NEDERLANDS<\/strong>\u00a0(<a href=\"https:\/\/www.nuriaanyo.com\/nl-excerpt-de-dode-schrijfster-nuria-ano.html\">DE DODE SCHRIJFSTER<\/a>): 2019 ISBN: 9781547580194 (eBook) ISBN: 154758307X \/ 978-1547583072 (Paperback)<\/li><li> <strong>DEUTSCH<\/strong> (<a href=\"https:\/\/www.nuriaanyo.com\/de-excerpt-die-tote-schriftstellerin-nuria-ano.html\">DIE TOTE SCHRIFTSTELLERIN<\/a>): 2019 ISBN: 9781071521731 (eBook) 1071524194 \/ 9781071524190 (Paperback)<\/li><li><strong>GREEK<\/strong>\u00a0(<a href=\"https:\/\/www.amazon.it\/dp\/1071530445\">\u0397 \u039d\u03b5\u03ba\u03c1\u03ae \u03a3\u03c5\u03b3\u03b3\u03c1\u03b1\u03c6\u03ad\u03b1\u03c2<\/a>): 2020 ISBN: 9781071526521 (eBook) 1071530445 \/ 9781071530443 (Paperback)<\/li><li><strong>ENGLISH<\/strong>\u00a0(<a href=\"https:\/\/www.nuriaanyo.com\/en-excerpt-the-dead-writer-nuria-ano.html\">THE DEAD WRITER<\/a>): 2020 ISBN: 9781071533307 (eBook)<\/li><\/ul>\n\n\n\n<h3 class=\"has-text-align-center wp-block-heading\">El libro de N\u00faria A\u00f1\u00f3 a la venta en las siguientes plataformas:<\/h3>\n\n\n\n<p class=\"has-text-align-center\"><a href=\"http:\/\/www.amazon.es\/dp\/1981078959?&amp;_encoding=UTF8&amp;tag=narrativa-21\" target=\"_blank\" rel=\"noreferrer noopener\">Amazon.es<\/a><\/p>\n\n\n\n<p class=\"has-text-align-center\"><a href=\"http:\/\/www.amazon.com\/dp\/1981078959\" target=\"_blank\" rel=\"noreferrer noopener\">Amazon.com<\/a><\/p>\n\n\n\n<p class=\"has-text-align-center\"><a href=\"http:\/\/www.amazon.com.mx\/dp\/1981078959\" target=\"_blank\" rel=\"noreferrer noopener\">Amazon.com.mx<\/a><\/p>\n\n\n\n<p class=\"has-text-align-center\"><a href=\"https:\/\/www.smashwords.com\/books\/view\/999479\" target=\"_blank\" rel=\"noreferrer noopener\">Smashwords<\/a><\/p>\n\n\n\n<p class=\"has-text-align-center\"><a href=\"https:\/\/www.barnesandnoble.com\/w\/la-escritora-muerta-n-ria-a\/1129089187?ean=9781981078950\" target=\"_blank\" rel=\"noreferrer noopener\">Barnes &amp; Noble<\/a><\/p>\n\n\n\n<p class=\"has-text-align-center\"><a href=\"https:\/\/books.apple.com\/us\/book\/la-escritora-muerta\/id1494419226\" target=\"_blank\" rel=\"noreferrer noopener\">Apple<\/a><\/p>\n\n\n\n<p class=\"has-text-align-center\"><a href=\"https:\/\/www.kobo.com\/ebook\/la-escritora-muerta-1\" target=\"_blank\" rel=\"noreferrer noopener\">Kobo<\/a><\/p>\n\n\n\n<p class=\"has-text-align-center\"><a href=\"http:\/\/www.scribd.com\/book\/442347358\" target=\"_blank\" rel=\"noreferrer noopener\">Scribd<\/a><\/p>\n\n\n\n<p class=\"has-text-align-center\"><a href=\"https:\/\/www.fnac.com\/a13981896\" target=\"_blank\" rel=\"noreferrer noopener\">Fnac<\/a><\/p>\n\n\n\n<p>&#8220;En la historia se observa el proceso de creaci\u00f3n de la literata. [&#8230;] Es una obra que va dirigida a quienes les gusta leer y se dejan absorber por la lectura, porque deja mucha imaginaci\u00f3n, y hay muchas cosas que se intuyen.&#8221;<em>\u00a0-La Ma\u00f1ana<\/em>.\u00a0<a href=\"https:\/\/www.nuriaanyo.com\/es-entrev270308text.html\">Leer entrevista<\/a><\/p>\n\n\n\n<p>&#8220;<em>La escritora muerta<\/em>&nbsp;es, por tanto, una invitaci\u00f3n a todos aquellos que aprecian el modo con que la Literatura se refleja sobre s\u00ed misma en una obra literaria. Pero tambi\u00e9n representa la oportunidad de seguir otros personajes con sentimientos y en situaciones que nos provocan, de manera inevitable, una identificaci\u00f3n. [&#8230;] El deleite de un texto literario que sobresale por un lenguaje metaf\u00f3rico y que sugiere im\u00e1genes capaces de revelar escenas cotidianas, pero que, muchas veces la vida, llena de m\u00faltiples posibilidades, no nos permite ver.&#8221; &#8211;<em>Dra. Alexandra Santos Pinheiro, en revista Resonancias literarias, no. 153&nbsp;<\/em><a href=\"http:\/\/www.resonancias.org\/content\/read\/2052\/nuria-ano-resena-de-dos-de-sus-novelas-por-alexandra-santos-pinheiro\/\" target=\"_blank\" rel=\"noreferrer noopener\">Leer rese\u00f1a<\/a><\/p>\n\n\n\n<p>&#8220;Este libro cuenta la historia de Anna, una escritora, y el mundo y la vida de las personas que la rodean. Anna vive su vida literaria como la real, sufre un tipo de esquizofrenia cuando los personajes de sus libros chocan con su vida en su deseo de ver la luz.&#8221;&nbsp;<em>-Debbie Garrick, traductora<\/em><\/p>\n\n\n\n<p>&#8220;<em>La escritora muerta<\/em>, una obra que demuestra no solo su buen hacer como autora sino adem\u00e1s, como veremos, su manejo de la herramienta esencial de todo novelista, el lenguaje. [&#8230;] Esta novela que es al mismo tiempo un l\u00facido artefacto literario que de seguro satisfar\u00e1 el variopinto gusto del lector contempor\u00e1neo.&#8221;<em>&nbsp;-Letralia, Tierra de Letras&nbsp;<\/em><a href=\"https:\/\/letralia.com\/recomendamos\/2020\/04\/09\/nuria-ano-la-escritora-muerta\/\" target=\"_blank\" rel=\"noreferrer noopener\">Leer rese\u00f1a<\/a><\/p>\n\n\n\n<p>La escritora N\u00faria A\u00f1\u00f3 teje con una maestr\u00eda que va muy lejos y ahonda en la exploraci\u00f3n del individuo contempor\u00e1neo.&#8221;&nbsp;<em>-Noury Bakrim, Traductor&nbsp;<\/em><a href=\"https:\/\/letralia.com\/recomendamos\/2020\/04\/22\/viaje-real-la-escritora-muerta-nuria-ano\/\" target=\"_blank\" rel=\"noreferrer noopener\">Leer rese\u00f1a<\/a><\/p>\n\n\n\n<p>&#8220;La novela &#8220;La escritora muerta&#8221; trata sobre el proceso de creaci\u00f3n literario y describe de un modo sombr\u00edo y po\u00e9tico el desgarro interior de su protagonista Anna, una escritora que se atreve a escribir su primera novela autobiogr\u00e1fica \u2013 pese a que se enreda cada vez m\u00e1s en recuerdos y nostalgias reprimidas hasta la fecha. &#8220;La escritora muerta&#8221; es un libro inteligentemente vital que evidencia el excepcional talento de observaci\u00f3n de N\u00faria A\u00f1\u00f3 y anima al lector a encontrar respuestas propias.&#8221; &#8211;<em>Sarah Raabe, Traductora<\/em><\/p>\n","protected":false},"excerpt":{"rendered":"<p>Berta es una joven estudiante de qu\u00edmica que, entre semana, compagina la carrera universitaria con las clases de piano en [&hellip;]<\/p>\n","protected":false},"author":1,"featured_media":277,"comment_status":"open","ping_status":"closed","sticky":false,"template":"","format":"standard","meta":{"wds_primary_category":0,"footnotes":""},"categories":[268,267,27,28,24,23,26,25],"tags":[62,13,12,63,21,10,9,8,16,15,11,14,35,41],"class_list":["post-276","post","type-post","status-publish","format-standard","has-post-thumbnail","hentry","category-audiobook","category-audiolibro","category-autores","category-escritores","category-libros","category-literatura","category-narrativa","category-novela","tag-anorexia","tag-en-clase","tag-en-las-aulas","tag-estudiantes","tag-juventud","tag-la-escritora-muerta","tag-libros","tag-literatura","tag-narrativa-contemporanea","tag-novela","tag-nuria-ano","tag-personajes-de-libros","tag-personajes-de-novela","tag-personajes-femeninos"],"_links":{"self":[{"href":"https:\/\/www.nuriaanyo.com\/blog\/amp\/wp-json\/wp\/v2\/posts\/276","targetHints":{"allow":["GET"]}}],"collection":[{"href":"https:\/\/www.nuriaanyo.com\/blog\/amp\/wp-json\/wp\/v2\/posts"}],"about":[{"href":"https:\/\/www.nuriaanyo.com\/blog\/amp\/wp-json\/wp\/v2\/types\/post"}],"author":[{"embeddable":true,"href":"https:\/\/www.nuriaanyo.com\/blog\/amp\/wp-json\/wp\/v2\/users\/1"}],"replies":[{"embeddable":true,"href":"https:\/\/www.nuriaanyo.com\/blog\/amp\/wp-json\/wp\/v2\/comments?post=276"}],"version-history":[{"count":0,"href":"https:\/\/www.nuriaanyo.com\/blog\/amp\/wp-json\/wp\/v2\/posts\/276\/revisions"}],"wp:featuredmedia":[{"embeddable":true,"href":"https:\/\/www.nuriaanyo.com\/blog\/amp\/wp-json\/wp\/v2\/media\/277"}],"wp:attachment":[{"href":"https:\/\/www.nuriaanyo.com\/blog\/amp\/wp-json\/wp\/v2\/media?parent=276"}],"wp:term":[{"taxonomy":"category","embeddable":true,"href":"https:\/\/www.nuriaanyo.com\/blog\/amp\/wp-json\/wp\/v2\/categories?post=276"},{"taxonomy":"post_tag","embeddable":true,"href":"https:\/\/www.nuriaanyo.com\/blog\/amp\/wp-json\/wp\/v2\/tags?post=276"}],"curies":[{"name":"wp","href":"https:\/\/api.w.org\/{rel}","templated":true}]}}